{"id":7218,"date":"2025-06-24T11:20:00","date_gmt":"2025-06-24T09:20:00","guid":{"rendered":"https:\/\/colorservice.eu\/?p=7218"},"modified":"2025-06-24T11:21:50","modified_gmt":"2025-06-24T09:21:50","slug":"da-oltre-30-anni-al-cuore-amministrativo-di-color-service","status":"publish","type":"post","link":"https:\/\/colorservice.eu\/it\/da-oltre-30-anni-al-cuore-amministrativo-di-color-service\/","title":{"rendered":"Da oltre 30 anni al cuore amministrativo di Color Service"},"content":{"rendered":"\t\t<div data-elementor-type=\"wp-post\" data-elementor-id=\"7218\" class=\"elementor elementor-7218 elementor-7212\" data-elementor-post-type=\"post\">\n\t\t\t\t\t\t<section class=\"elementor-section elementor-top-section elementor-element elementor-element-5819ecd6 elementor-section-height-min-height elementor-section-items-top elementor-section-boxed elementor-section-height-default\" data-id=\"5819ecd6\" data-element_type=\"section\" data-e-type=\"section\" data-settings=\"{&quot;background_background&quot;:&quot;classic&quot;}\">\n\t\t\t\t\t\t\t<div class=\"elementor-background-overlay\"><\/div>\n\t\t\t\t\t\t\t<div class=\"elementor-container elementor-column-gap-default\">\n\t\t\t\t\t<div class=\"elementor-column elementor-col-100 elementor-top-column elementor-element elementor-element-7ecc0ca1\" data-id=\"7ecc0ca1\" data-element_type=\"column\" data-e-type=\"column\">\n\t\t\t<div class=\"elementor-widget-wrap\">\n\t\t\t\t\t\t\t<\/div>\n\t\t<\/div>\n\t\t\t\t\t<\/div>\n\t\t<\/section>\n\t\t\t\t<section class=\"elementor-section elementor-top-section elementor-element elementor-element-28781a3c elementor-reverse-mobile elementor-section-boxed elementor-section-height-default elementor-section-height-default\" data-id=\"28781a3c\" data-element_type=\"section\" data-e-type=\"section\">\n\t\t\t\t\t\t<div class=\"elementor-container elementor-column-gap-default\">\n\t\t\t\t\t<div class=\"elementor-column elementor-col-50 elementor-top-column elementor-element elementor-element-4ed9d576\" data-id=\"4ed9d576\" data-element_type=\"column\" data-e-type=\"column\">\n\t\t\t<div class=\"elementor-widget-wrap elementor-element-populated\">\n\t\t\t\t\t\t<div class=\"elementor-element elementor-element-46736f2 elementor-widget__width-initial elementor-share-buttons--view-icon elementor-grid-1 elementor-share-buttons--skin-gradient elementor-share-buttons--shape-square elementor-share-buttons--color-official elementor-widget elementor-widget-share-buttons\" data-id=\"46736f2\" data-element_type=\"widget\" data-e-type=\"widget\" data-settings=\"{&quot;share_url&quot;:{&quot;url&quot;:&quot;&quot;,&quot;is_external&quot;:&quot;&quot;,&quot;nofollow&quot;:&quot;&quot;,&quot;custom_attributes&quot;:&quot;&quot;}}\" data-widget_type=\"share-buttons.default\">\n\t\t\t\t<div class=\"elementor-widget-container\">\n\t\t\t\t\t\t\t<div class=\"elementor-grid\" role=\"list\">\n\t\t\t\t\t\t\t\t<div class=\"elementor-grid-item\" role=\"listitem\">\n\t\t\t\t\t\t<div class=\"elementor-share-btn elementor-share-btn_linkedin\" role=\"button\" tabindex=\"0\" aria-label=\"Condividi su linkedin\">\n\t\t\t\t\t\t\t\t\t\t\t\t\t\t\t<span class=\"elementor-share-btn__icon\">\n\t\t\t\t\t\t\t\t<i class=\"fab fa-linkedin\" aria-hidden=\"true\"><\/i>\t\t\t\t\t\t\t<\/span>\n\t\t\t\t\t\t\t\t\t\t\t\t\t\t\t\t\t\t\t\t<\/div>\n\t\t\t\t\t<\/div>\n\t\t\t\t\t\t\t\t\t<div class=\"elementor-grid-item\" role=\"listitem\">\n\t\t\t\t\t\t<div class=\"elementor-share-btn elementor-share-btn_facebook\" role=\"button\" tabindex=\"0\" aria-label=\"Condividi su facebook\">\n\t\t\t\t\t\t\t\t\t\t\t\t\t\t\t<span class=\"elementor-share-btn__icon\">\n\t\t\t\t\t\t\t\t<i class=\"fab fa-facebook\" aria-hidden=\"true\"><\/i>\t\t\t\t\t\t\t<\/span>\n\t\t\t\t\t\t\t\t\t\t\t\t\t\t\t\t\t\t\t\t<\/div>\n\t\t\t\t\t<\/div>\n\t\t\t\t\t\t\t\t\t<div class=\"elementor-grid-item\" role=\"listitem\">\n\t\t\t\t\t\t<div class=\"elementor-share-btn elementor-share-btn_email\" role=\"button\" tabindex=\"0\" aria-label=\"Condividi su email\">\n\t\t\t\t\t\t\t\t\t\t\t\t\t\t\t<span class=\"elementor-share-btn__icon\">\n\t\t\t\t\t\t\t\t<i class=\"fas fa-envelope\" aria-hidden=\"true\"><\/i>\t\t\t\t\t\t\t<\/span>\n\t\t\t\t\t\t\t\t\t\t\t\t\t\t\t\t\t\t\t\t<\/div>\n\t\t\t\t\t<\/div>\n\t\t\t\t\t\t<\/div>\n\t\t\t\t\t\t<\/div>\n\t\t\t\t<\/div>\n\t\t\t\t\t<\/div>\n\t\t<\/div>\n\t\t\t\t<div class=\"elementor-column elementor-col-50 elementor-top-column elementor-element elementor-element-664dbd18\" data-id=\"664dbd18\" data-element_type=\"column\" data-e-type=\"column\">\n\t\t\t<div class=\"elementor-widget-wrap elementor-element-populated\">\n\t\t\t\t\t\t<div class=\"elementor-element elementor-element-74b2b5b0 elementor-widget elementor-widget-post-info\" data-id=\"74b2b5b0\" data-element_type=\"widget\" data-e-type=\"widget\" data-widget_type=\"post-info.default\">\n\t\t\t\t<div class=\"elementor-widget-container\">\n\t\t\t\t\t\t\t<ul class=\"elementor-inline-items elementor-icon-list-items elementor-post-info\">\n\t\t\t\t\t\t\t\t<li class=\"elementor-icon-list-item elementor-repeater-item-a475e37 elementor-inline-item\" itemprop=\"datePublished\">\n\t\t\t\t\t\t<a href=\"https:\/\/colorservice.eu\/it\/2025\/06\/24\/\">\n\t\t\t\t\t\t\t\t\t\t\t<span class=\"elementor-icon-list-icon\">\n\t\t\t\t\t\t\t\t<i aria-hidden=\"true\" class=\"fas fa-calendar\"><\/i>\t\t\t\t\t\t\t<\/span>\n\t\t\t\t\t\t\t\t\t<span class=\"elementor-icon-list-text elementor-post-info__item elementor-post-info__item--type-date\">\n\t\t\t\t\t\t\t\t\t\t<time>Giugno 24, 2025<\/time>\t\t\t\t\t<\/span>\n\t\t\t\t\t\t\t\t\t<\/a>\n\t\t\t\t<\/li>\n\t\t\t\t<li class=\"elementor-icon-list-item elementor-repeater-item-676722a elementor-inline-item\">\n\t\t\t\t\t\t\t\t\t\t<span class=\"elementor-icon-list-icon\">\n\t\t\t\t\t\t\t\t<i aria-hidden=\"true\" class=\"far fa-clock\"><\/i>\t\t\t\t\t\t\t<\/span>\n\t\t\t\t\t\t\t\t\t<span class=\"elementor-icon-list-text elementor-post-info__item elementor-post-info__item--type-time\">\n\t\t\t\t\t\t\t\t\t\t<time>11:20 am<\/time>\t\t\t\t\t<\/span>\n\t\t\t\t\t\t\t\t<\/li>\n\t\t\t\t<\/ul>\n\t\t\t\t\t\t<\/div>\n\t\t\t\t<\/div>\n\t\t\t\t<div class=\"elementor-element elementor-element-bfd7564 elementor-widget__width-initial elementor-widget elementor-widget-heading\" data-id=\"bfd7564\" data-element_type=\"widget\" data-e-type=\"widget\" data-widget_type=\"heading.default\">\n\t\t\t\t<div class=\"elementor-widget-container\">\n\t\t\t\t\t<h2 class=\"elementor-heading-title elementor-size-default\">Da oltre 30 anni al cuore amministrativo di Color Service: la storia di Corrado Rampon<\/h2>\t\t\t\t<\/div>\n\t\t\t\t<\/div>\n\t\t\t\t<div class=\"elementor-element elementor-element-e4190b3 elementor-widget elementor-widget-spacer\" data-id=\"e4190b3\" data-element_type=\"widget\" data-e-type=\"widget\" data-widget_type=\"spacer.default\">\n\t\t\t\t<div class=\"elementor-widget-container\">\n\t\t\t\t\t\t\t<div class=\"elementor-spacer\">\n\t\t\t<div class=\"elementor-spacer-inner\"><\/div>\n\t\t<\/div>\n\t\t\t\t\t\t<\/div>\n\t\t\t\t<\/div>\n\t\t\t\t<section class=\"elementor-section elementor-inner-section elementor-element elementor-element-72b9e3e elementor-section-boxed elementor-section-height-default elementor-section-height-default\" data-id=\"72b9e3e\" data-element_type=\"section\" data-e-type=\"section\">\n\t\t\t\t\t\t<div class=\"elementor-container elementor-column-gap-default\">\n\t\t\t\t\t\t<\/div>\n\t\t<\/section>\n\t\t\t\t<section class=\"elementor-section elementor-inner-section elementor-element elementor-element-b2ef44f elementor-section-boxed elementor-section-height-default elementor-section-height-default\" data-id=\"b2ef44f\" data-element_type=\"section\" data-e-type=\"section\">\n\t\t\t\t\t\t<div class=\"elementor-container elementor-column-gap-default\">\n\t\t\t\t\t\t<\/div>\n\t\t<\/section>\n\t\t\t\t<div class=\"elementor-element elementor-element-7603120 elementor-widget elementor-widget-text-editor\" data-id=\"7603120\" data-element_type=\"widget\" data-e-type=\"widget\" data-widget_type=\"text-editor.default\">\n\t\t\t\t<div class=\"elementor-widget-container\">\n\t\t\t\t\t\t\t\t\t<p>Dal 16 maggio 1994, Corrado Rampon \u00e8 una colonna portante di Color Service, ricoprendo il ruolo di Responsabile Amministrativo. La sua storia \u00e8 strettamente intrecciata con l\u2019evoluzione dell\u2019azienda: un percorso iniziato nei primi anni \u201980 nel settore tessile e proseguito fino a Color Service, dove da oltre trent\u2019anni \u00e8 testimone diretto di una crescita straordinaria. <\/p>\t\t\t\t\t\t\t\t<\/div>\n\t\t\t\t<\/div>\n\t\t\t\t<div class=\"elementor-element elementor-element-f77df8e elementor-widget elementor-widget-image\" data-id=\"f77df8e\" data-element_type=\"widget\" data-e-type=\"widget\" data-widget_type=\"image.default\">\n\t\t\t\t<div class=\"elementor-widget-container\">\n\t\t\t\t\t\t\t\t\t\t\t\t\t\t\t<img fetchpriority=\"high\" decoding=\"async\" width=\"682\" height=\"1024\" src=\"https:\/\/colorservice.eu\/wp-content\/uploads\/2025\/06\/Corrado-682x1024.jpg\" class=\"attachment-large size-large wp-image-7228\" alt=\"\" srcset=\"https:\/\/colorservice.eu\/wp-content\/uploads\/2025\/06\/Corrado-682x1024.jpg 682w, https:\/\/colorservice.eu\/wp-content\/uploads\/2025\/06\/Corrado-200x300.jpg 200w, https:\/\/colorservice.eu\/wp-content\/uploads\/2025\/06\/Corrado-768x1153.jpg 768w, https:\/\/colorservice.eu\/wp-content\/uploads\/2025\/06\/Corrado-1023x1536.jpg 1023w, https:\/\/colorservice.eu\/wp-content\/uploads\/2025\/06\/Corrado.jpg 1279w\" sizes=\"(max-width: 682px) 100vw, 682px\" \/>\t\t\t\t\t\t\t\t\t\t\t\t\t\t\t<\/div>\n\t\t\t\t<\/div>\n\t\t\t\t<div class=\"elementor-element elementor-element-a57b7ed elementor-widget elementor-widget-spacer\" data-id=\"a57b7ed\" data-element_type=\"widget\" data-e-type=\"widget\" data-widget_type=\"spacer.default\">\n\t\t\t\t<div class=\"elementor-widget-container\">\n\t\t\t\t\t\t\t<div class=\"elementor-spacer\">\n\t\t\t<div class=\"elementor-spacer-inner\"><\/div>\n\t\t<\/div>\n\t\t\t\t\t\t<\/div>\n\t\t\t\t<\/div>\n\t\t\t\t<div class=\"elementor-element elementor-element-d6cddfd elementor-widget elementor-widget-text-editor\" data-id=\"d6cddfd\" data-element_type=\"widget\" data-e-type=\"widget\" data-widget_type=\"text-editor.default\">\n\t\t\t\t<div class=\"elementor-widget-container\">\n\t\t\t\t\t\t\t\t\t<p>\u201c<em>Quando sono arrivato in Color Service<\/em>\u201d racconta Corrado, <em>\u201cl\u2019azienda era di piccole dimensioni. Oltre alla contabilit\u00e0 e alle paghe, mi occupavo anche di sicurezza e dei rapporti con le societ\u00e0 collegate. C\u2019era molto da fare, ma anche tanta voglia di costruire qualcosa di importante.<\/em>\u201d<\/p>\t\t\t\t\t\t\t\t<\/div>\n\t\t\t\t<\/div>\n\t\t\t\t<div class=\"elementor-element elementor-element-a2ed7dc elementor-widget elementor-widget-text-editor\" data-id=\"a2ed7dc\" data-element_type=\"widget\" data-e-type=\"widget\" data-widget_type=\"text-editor.default\">\n\t\t\t\t<div class=\"elementor-widget-container\">\n\t\t\t\t\t\t\t\t\t<p>Nel tempo, il ruolo si \u00e8 ampliato e strutturato. Oggi Corrado gestisce l\u2019ufficio amministrazione e contabilit\u00e0 e coordina i rapporti con il CDA, il collegio sindacale, consulenti e istituti di credito. Tra bilanci, budget e tesoreria, ogni giorno porta avanti un lavoro fatto di precisione e responsabilit\u00e0.  <\/p>\t\t\t\t\t\t\t\t<\/div>\n\t\t\t\t<\/div>\n\t\t\t\t<div class=\"elementor-element elementor-element-82743a4 elementor-widget elementor-widget-text-editor\" data-id=\"82743a4\" data-element_type=\"widget\" data-e-type=\"widget\" data-widget_type=\"text-editor.default\">\n\t\t\t\t<div class=\"elementor-widget-container\">\n\t\t\t\t\t\t\t\t\t<p>Le sfide non sono mancate, soprattutto nei periodi di incertezza del mercato tessile: \u201c<em>Abbiamo attraversato momenti difficili, ma la capacit\u00e0 imprenditoriale e la visione strategica ci hanno permesso di superare ogni ostacolo.<\/em>\u201d Ci\u00f2 che colpisce \u00e8 come l\u2019azienda, pur crescendo costantemente, abbia saputo conservare l\u2019anima della realt\u00e0 familiare. \u201c<em>Investire nelle persone e nella ricerca \u00e8 da sempre un valore fondante,<\/em>\u201d spiega Corrado. \u201c<em>Ed \u00e8 ci\u00f2 che far\u00e0 la differenza anche nel futuro<\/em>.\u201d<\/p>\t\t\t\t\t\t\t\t<\/div>\n\t\t\t\t<\/div>\n\t\t\t\t<div class=\"elementor-element elementor-element-9c616f3 elementor-widget elementor-widget-text-editor\" data-id=\"9c616f3\" data-element_type=\"widget\" data-e-type=\"widget\" data-widget_type=\"text-editor.default\">\n\t\t\t\t<div class=\"elementor-widget-container\">\n\t\t\t\t\t\t\t\t\t<p>Il futuro di Color Service? Per Corrado \u00e8 chiaro: consolidamento dei mercati attuali, apertura a nuovi settori, e una continua spinta verso l\u2019innovazione. Un\u2019azienda solida, dinamica e sempre proiettata in avanti. <\/p>\t\t\t\t\t\t\t\t<\/div>\n\t\t\t\t<\/div>\n\t\t\t\t<div class=\"elementor-element elementor-element-7290116f elementor-widget-divider--view-line elementor-widget elementor-widget-divider\" data-id=\"7290116f\" data-element_type=\"widget\" data-e-type=\"widget\" data-widget_type=\"divider.default\">\n\t\t\t\t<div class=\"elementor-widget-container\">\n\t\t\t\t\t\t\t<div class=\"elementor-divider\">\n\t\t\t<span class=\"elementor-divider-separator\">\n\t\t\t\t\t\t<\/span>\n\t\t<\/div>\n\t\t\t\t\t\t<\/div>\n\t\t\t\t<\/div>\n\t\t\t\t\t<\/div>\n\t\t<\/div>\n\t\t\t\t\t<\/div>\n\t\t<\/section>\n\t\t\t\t<section class=\"elementor-section elementor-top-section elementor-element elementor-element-3da2f834 elementor-section-boxed elementor-section-height-default elementor-section-height-default\" data-id=\"3da2f834\" data-element_type=\"section\" data-e-type=\"section\" data-settings=\"{&quot;background_background&quot;:&quot;classic&quot;}\">\n\t\t\t\t\t\t<div class=\"elementor-container elementor-column-gap-default\">\n\t\t\t\t\t<div class=\"elementor-column elementor-col-100 elementor-top-column elementor-element elementor-element-771a44e\" data-id=\"771a44e\" data-element_type=\"column\" data-e-type=\"column\">\n\t\t\t<div class=\"elementor-widget-wrap elementor-element-populated\">\n\t\t\t\t\t\t\t<\/div>\n\t\t<\/div>\n\t\t\t\t\t<\/div>\n\t\t<\/section>\n\t\t\t\t<section class=\"elementor-section elementor-top-section elementor-element elementor-element-fcac130 elementor-section-boxed elementor-section-height-default elementor-section-height-default\" data-id=\"fcac130\" data-element_type=\"section\" data-e-type=\"section\">\n\t\t\t\t\t\t<div class=\"elementor-container elementor-column-gap-default\">\n\t\t\t\t\t\t<\/div>\n\t\t<\/section>\n\t\t\t\t<section class=\"elementor-section elementor-top-section elementor-element elementor-element-d20af6c elementor-section-boxed elementor-section-height-default elementor-section-height-default\" data-id=\"d20af6c\" data-element_type=\"section\" data-e-type=\"section\">\n\t\t\t\t\t\t<div class=\"elementor-container elementor-column-gap-default\">\n\t\t\t\t\t\t<\/div>\n\t\t<\/section>\n\t\t\t\t<section class=\"elementor-section elementor-top-section elementor-element elementor-element-76c9ddf elementor-section-boxed elementor-section-height-default elementor-section-height-default\" data-id=\"76c9ddf\" data-element_type=\"section\" data-e-type=\"section\">\n\t\t\t\t\t\t<div class=\"elementor-container elementor-column-gap-default\">\n\t\t\t\t\t\t<\/div>\n\t\t<\/section>\n\t\t\t\t<\/div>\n\t\t","protected":false},"excerpt":{"rendered":"<p>Da oltre 30 anni al cuore amministrativo di Color Service: la storia di Corrado Rampon Dal 16 maggio 1994, Corrado Rampon \u00e8 una colonna portante di Color Service, ricoprendo il ruolo di Responsabile Amministrativo. La sua storia \u00e8 strettamente intrecciata con l\u2019evoluzione dell\u2019azienda: un percorso iniziato nei primi anni \u201980 nel settore tessile e proseguito [&hellip;]<\/p>\n","protected":false},"author":2,"featured_media":7238,"comment_status":"closed","ping_status":"open","sticky":false,"template":"","format":"standard","meta":{"inline_featured_image":false,"cybocfi_hide_featured_image":"yes","footnotes":""},"categories":[77],"tags":[],"class_list":["post-7218","post","type-post","status-publish","format-standard","has-post-thumbnail","hentry","category-notizie"],"yoast_head":"<!-- This site is optimized with the Yoast SEO plugin v27.4 - https:\/\/yoast.com\/product\/yoast-seo-wordpress\/ -->\n<title>Da oltre 30 anni al cuore amministrativo di Color Service | ColorService<\/title>\n<meta name=\"description\" content=\"Con una vasta esperienza nella fornitura di sistemi avanzati di dosaggio delle polveri in diversi settori, Color Service \u00e8 all&#039;avanguardia nell&#039;automazione intelligente.\" \/>\n<meta name=\"robots\" content=\"index, follow, max-snippet:-1, max-image-preview:large, max-video-preview:-1\" \/>\n<link rel=\"canonical\" href=\"https:\/\/colorservice.eu\/it\/da-oltre-30-anni-al-cuore-amministrativo-di-color-service\/\" \/>\n<meta property=\"og:locale\" content=\"it_IT\" \/>\n<meta property=\"og:type\" content=\"article\" \/>\n<meta property=\"og:title\" content=\"Da oltre 30 anni al cuore amministrativo di Color Service | ColorService\" \/>\n<meta property=\"og:description\" content=\"Con una vasta esperienza nella fornitura di sistemi avanzati di dosaggio delle polveri in diversi settori, Color Service \u00e8 all&#039;avanguardia nell&#039;automazione intelligente.\" \/>\n<meta property=\"og:url\" content=\"https:\/\/colorservice.eu\/it\/da-oltre-30-anni-al-cuore-amministrativo-di-color-service\/\" \/>\n<meta property=\"og:site_name\" content=\"ColorService\" \/>\n<meta property=\"article:publisher\" content=\"https:\/\/www.facebook.com\/COLORSERVICE-SRL-211176112238590\/\" \/>\n<meta property=\"article:published_time\" content=\"2025-06-24T09:20:00+00:00\" \/>\n<meta property=\"article:modified_time\" content=\"2025-06-24T09:21:50+00:00\" \/>\n<meta property=\"og:image\" content=\"https:\/\/colorservice.eu\/wp-content\/uploads\/2025\/06\/NL_Corrado_Rampon_3.jpg\" \/>\n\t<meta property=\"og:image:width\" content=\"1279\" \/>\n\t<meta property=\"og:image:height\" content=\"1920\" \/>\n\t<meta property=\"og:image:type\" content=\"image\/jpeg\" \/>\n<meta name=\"author\" content=\"Laura Toschi\" \/>\n<meta name=\"twitter:card\" content=\"summary_large_image\" \/>\n<meta name=\"twitter:creator\" content=\"@COLOR_SERVICE\" \/>\n<meta name=\"twitter:site\" content=\"@COLOR_SERVICE\" \/>\n<meta name=\"twitter:label1\" content=\"Scritto da\" \/>\n\t<meta name=\"twitter:data1\" content=\"Laura Toschi\" \/>\n\t<meta name=\"twitter:label2\" content=\"Tempo di lettura stimato\" \/>\n\t<meta name=\"twitter:data2\" content=\"2 minuti\" \/>\n<script type=\"application\/ld+json\" class=\"yoast-schema-graph\">{\"@context\":\"https:\\\/\\\/schema.org\",\"@graph\":[{\"@type\":\"Article\",\"@id\":\"https:\\\/\\\/colorservice.eu\\\/it\\\/da-oltre-30-anni-al-cuore-amministrativo-di-color-service\\\/#article\",\"isPartOf\":{\"@id\":\"https:\\\/\\\/colorservice.eu\\\/it\\\/da-oltre-30-anni-al-cuore-amministrativo-di-color-service\\\/\"},\"author\":{\"name\":\"Laura Toschi\",\"@id\":\"https:\\\/\\\/colorservice.eu\\\/#\\\/schema\\\/person\\\/3f96d0bf83389181134f5346ff4e5e68\"},\"headline\":\"Da oltre 30 anni al cuore amministrativo di Color Service\",\"datePublished\":\"2025-06-24T09:20:00+00:00\",\"dateModified\":\"2025-06-24T09:21:50+00:00\",\"mainEntityOfPage\":{\"@id\":\"https:\\\/\\\/colorservice.eu\\\/it\\\/da-oltre-30-anni-al-cuore-amministrativo-di-color-service\\\/\"},\"wordCount\":271,\"publisher\":{\"@id\":\"https:\\\/\\\/colorservice.eu\\\/#organization\"},\"image\":{\"@id\":\"https:\\\/\\\/colorservice.eu\\\/it\\\/da-oltre-30-anni-al-cuore-amministrativo-di-color-service\\\/#primaryimage\"},\"thumbnailUrl\":\"https:\\\/\\\/colorservice.eu\\\/wp-content\\\/uploads\\\/2025\\\/06\\\/NL_Corrado_Rampon_3.jpg\",\"articleSection\":[\"Notizie\"],\"inLanguage\":\"it-IT\"},{\"@type\":\"WebPage\",\"@id\":\"https:\\\/\\\/colorservice.eu\\\/it\\\/da-oltre-30-anni-al-cuore-amministrativo-di-color-service\\\/\",\"url\":\"https:\\\/\\\/colorservice.eu\\\/it\\\/da-oltre-30-anni-al-cuore-amministrativo-di-color-service\\\/\",\"name\":\"Da oltre 30 anni al cuore amministrativo di Color Service | ColorService\",\"isPartOf\":{\"@id\":\"https:\\\/\\\/colorservice.eu\\\/#website\"},\"primaryImageOfPage\":{\"@id\":\"https:\\\/\\\/colorservice.eu\\\/it\\\/da-oltre-30-anni-al-cuore-amministrativo-di-color-service\\\/#primaryimage\"},\"image\":{\"@id\":\"https:\\\/\\\/colorservice.eu\\\/it\\\/da-oltre-30-anni-al-cuore-amministrativo-di-color-service\\\/#primaryimage\"},\"thumbnailUrl\":\"https:\\\/\\\/colorservice.eu\\\/wp-content\\\/uploads\\\/2025\\\/06\\\/NL_Corrado_Rampon_3.jpg\",\"datePublished\":\"2025-06-24T09:20:00+00:00\",\"dateModified\":\"2025-06-24T09:21:50+00:00\",\"description\":\"Con una vasta esperienza nella fornitura di sistemi avanzati di dosaggio delle polveri in diversi settori, Color Service \u00e8 all'avanguardia nell'automazione intelligente.\",\"breadcrumb\":{\"@id\":\"https:\\\/\\\/colorservice.eu\\\/it\\\/da-oltre-30-anni-al-cuore-amministrativo-di-color-service\\\/#breadcrumb\"},\"inLanguage\":\"it-IT\",\"potentialAction\":[{\"@type\":\"ReadAction\",\"target\":[\"https:\\\/\\\/colorservice.eu\\\/it\\\/da-oltre-30-anni-al-cuore-amministrativo-di-color-service\\\/\"]}]},{\"@type\":\"BreadcrumbList\",\"@id\":\"https:\\\/\\\/colorservice.eu\\\/it\\\/da-oltre-30-anni-al-cuore-amministrativo-di-color-service\\\/#breadcrumb\",\"itemListElement\":[{\"@type\":\"ListItem\",\"position\":1,\"name\":\"Home\",\"item\":\"https:\\\/\\\/colorservice.eu\\\/\"},{\"@type\":\"ListItem\",\"position\":2,\"name\":\"Da oltre 30 anni al cuore amministrativo di Color Service\"}]},{\"@type\":\"WebSite\",\"@id\":\"https:\\\/\\\/colorservice.eu\\\/#website\",\"url\":\"https:\\\/\\\/colorservice.eu\\\/\",\"name\":\"Color Service\",\"description\":\"Dosing Technologies\",\"publisher\":{\"@id\":\"https:\\\/\\\/colorservice.eu\\\/#organization\"},\"alternateName\":\"ColorService\",\"potentialAction\":[{\"@type\":\"SearchAction\",\"target\":{\"@type\":\"EntryPoint\",\"urlTemplate\":\"https:\\\/\\\/colorservice.eu\\\/?s={search_term_string}\"},\"query-input\":{\"@type\":\"PropertyValueSpecification\",\"valueRequired\":true,\"valueName\":\"search_term_string\"}}],\"inLanguage\":\"it-IT\"},{\"@type\":\"Organization\",\"@id\":\"https:\\\/\\\/colorservice.eu\\\/#organization\",\"name\":\"Color Service\",\"alternateName\":\"ColorService\",\"url\":\"https:\\\/\\\/colorservice.eu\\\/\",\"logo\":{\"@type\":\"ImageObject\",\"inLanguage\":\"it-IT\",\"@id\":\"https:\\\/\\\/colorservice.eu\\\/#\\\/schema\\\/logo\\\/image\\\/\",\"url\":\"https:\\\/\\\/colorservice.eu\\\/wp-content\\\/uploads\\\/2023\\\/05\\\/logo-colorservice-2.png\",\"contentUrl\":\"https:\\\/\\\/colorservice.eu\\\/wp-content\\\/uploads\\\/2023\\\/05\\\/logo-colorservice-2.png\",\"width\":300,\"height\":125,\"caption\":\"Color Service\"},\"image\":{\"@id\":\"https:\\\/\\\/colorservice.eu\\\/#\\\/schema\\\/logo\\\/image\\\/\"},\"sameAs\":[\"https:\\\/\\\/www.facebook.com\\\/COLORSERVICE-SRL-211176112238590\\\/\",\"https:\\\/\\\/x.com\\\/COLOR_SERVICE\",\"https:\\\/\\\/www.linkedin.com\\\/company\\\/color-service-srl\\\/\",\"https:\\\/\\\/www.youtube.com\\\/channel\\\/UCVINe1VWmXmK4k4af4A7m5g\"]},{\"@type\":\"Person\",\"@id\":\"https:\\\/\\\/colorservice.eu\\\/#\\\/schema\\\/person\\\/3f96d0bf83389181134f5346ff4e5e68\",\"name\":\"Laura Toschi\"}]}<\/script>\n<!-- \/ Yoast SEO plugin. -->","yoast_head_json":{"title":"Da oltre 30 anni al cuore amministrativo di Color Service | ColorService","description":"Con una vasta esperienza nella fornitura di sistemi avanzati di dosaggio delle polveri in diversi settori, Color Service \u00e8 all'avanguardia nell'automazione intelligente.","robots":{"index":"index","follow":"follow","max-snippet":"max-snippet:-1","max-image-preview":"max-image-preview:large","max-video-preview":"max-video-preview:-1"},"canonical":"https:\/\/colorservice.eu\/it\/da-oltre-30-anni-al-cuore-amministrativo-di-color-service\/","og_locale":"it_IT","og_type":"article","og_title":"Da oltre 30 anni al cuore amministrativo di Color Service | ColorService","og_description":"Con una vasta esperienza nella fornitura di sistemi avanzati di dosaggio delle polveri in diversi settori, Color Service \u00e8 all'avanguardia nell'automazione intelligente.","og_url":"https:\/\/colorservice.eu\/it\/da-oltre-30-anni-al-cuore-amministrativo-di-color-service\/","og_site_name":"ColorService","article_publisher":"https:\/\/www.facebook.com\/COLORSERVICE-SRL-211176112238590\/","article_published_time":"2025-06-24T09:20:00+00:00","article_modified_time":"2025-06-24T09:21:50+00:00","og_image":[{"width":1279,"height":1920,"url":"https:\/\/colorservice.eu\/wp-content\/uploads\/2025\/06\/NL_Corrado_Rampon_3.jpg","type":"image\/jpeg"}],"author":"Laura Toschi","twitter_card":"summary_large_image","twitter_creator":"@COLOR_SERVICE","twitter_site":"@COLOR_SERVICE","twitter_misc":{"Scritto da":"Laura Toschi","Tempo di lettura stimato":"2 minuti"},"schema":{"@context":"https:\/\/schema.org","@graph":[{"@type":"Article","@id":"https:\/\/colorservice.eu\/it\/da-oltre-30-anni-al-cuore-amministrativo-di-color-service\/#article","isPartOf":{"@id":"https:\/\/colorservice.eu\/it\/da-oltre-30-anni-al-cuore-amministrativo-di-color-service\/"},"author":{"name":"Laura Toschi","@id":"https:\/\/colorservice.eu\/#\/schema\/person\/3f96d0bf83389181134f5346ff4e5e68"},"headline":"Da oltre 30 anni al cuore amministrativo di Color Service","datePublished":"2025-06-24T09:20:00+00:00","dateModified":"2025-06-24T09:21:50+00:00","mainEntityOfPage":{"@id":"https:\/\/colorservice.eu\/it\/da-oltre-30-anni-al-cuore-amministrativo-di-color-service\/"},"wordCount":271,"publisher":{"@id":"https:\/\/colorservice.eu\/#organization"},"image":{"@id":"https:\/\/colorservice.eu\/it\/da-oltre-30-anni-al-cuore-amministrativo-di-color-service\/#primaryimage"},"thumbnailUrl":"https:\/\/colorservice.eu\/wp-content\/uploads\/2025\/06\/NL_Corrado_Rampon_3.jpg","articleSection":["Notizie"],"inLanguage":"it-IT"},{"@type":"WebPage","@id":"https:\/\/colorservice.eu\/it\/da-oltre-30-anni-al-cuore-amministrativo-di-color-service\/","url":"https:\/\/colorservice.eu\/it\/da-oltre-30-anni-al-cuore-amministrativo-di-color-service\/","name":"Da oltre 30 anni al cuore amministrativo di Color Service | ColorService","isPartOf":{"@id":"https:\/\/colorservice.eu\/#website"},"primaryImageOfPage":{"@id":"https:\/\/colorservice.eu\/it\/da-oltre-30-anni-al-cuore-amministrativo-di-color-service\/#primaryimage"},"image":{"@id":"https:\/\/colorservice.eu\/it\/da-oltre-30-anni-al-cuore-amministrativo-di-color-service\/#primaryimage"},"thumbnailUrl":"https:\/\/colorservice.eu\/wp-content\/uploads\/2025\/06\/NL_Corrado_Rampon_3.jpg","datePublished":"2025-06-24T09:20:00+00:00","dateModified":"2025-06-24T09:21:50+00:00","description":"Con una vasta esperienza nella fornitura di sistemi avanzati di dosaggio delle polveri in diversi settori, Color Service \u00e8 all'avanguardia nell'automazione intelligente.","breadcrumb":{"@id":"https:\/\/colorservice.eu\/it\/da-oltre-30-anni-al-cuore-amministrativo-di-color-service\/#breadcrumb"},"inLanguage":"it-IT","potentialAction":[{"@type":"ReadAction","target":["https:\/\/colorservice.eu\/it\/da-oltre-30-anni-al-cuore-amministrativo-di-color-service\/"]}]},{"@type":"BreadcrumbList","@id":"https:\/\/colorservice.eu\/it\/da-oltre-30-anni-al-cuore-amministrativo-di-color-service\/#breadcrumb","itemListElement":[{"@type":"ListItem","position":1,"name":"Home","item":"https:\/\/colorservice.eu\/"},{"@type":"ListItem","position":2,"name":"Da oltre 30 anni al cuore amministrativo di Color Service"}]},{"@type":"WebSite","@id":"https:\/\/colorservice.eu\/#website","url":"https:\/\/colorservice.eu\/","name":"Color Service","description":"Dosing Technologies","publisher":{"@id":"https:\/\/colorservice.eu\/#organization"},"alternateName":"ColorService","potentialAction":[{"@type":"SearchAction","target":{"@type":"EntryPoint","urlTemplate":"https:\/\/colorservice.eu\/?s={search_term_string}"},"query-input":{"@type":"PropertyValueSpecification","valueRequired":true,"valueName":"search_term_string"}}],"inLanguage":"it-IT"},{"@type":"Organization","@id":"https:\/\/colorservice.eu\/#organization","name":"Color Service","alternateName":"ColorService","url":"https:\/\/colorservice.eu\/","logo":{"@type":"ImageObject","inLanguage":"it-IT","@id":"https:\/\/colorservice.eu\/#\/schema\/logo\/image\/","url":"https:\/\/colorservice.eu\/wp-content\/uploads\/2023\/05\/logo-colorservice-2.png","contentUrl":"https:\/\/colorservice.eu\/wp-content\/uploads\/2023\/05\/logo-colorservice-2.png","width":300,"height":125,"caption":"Color Service"},"image":{"@id":"https:\/\/colorservice.eu\/#\/schema\/logo\/image\/"},"sameAs":["https:\/\/www.facebook.com\/COLORSERVICE-SRL-211176112238590\/","https:\/\/x.com\/COLOR_SERVICE","https:\/\/www.linkedin.com\/company\/color-service-srl\/","https:\/\/www.youtube.com\/channel\/UCVINe1VWmXmK4k4af4A7m5g"]},{"@type":"Person","@id":"https:\/\/colorservice.eu\/#\/schema\/person\/3f96d0bf83389181134f5346ff4e5e68","name":"Laura Toschi"}]}},"_links":{"self":[{"href":"https:\/\/colorservice.eu\/it\/wp-json\/wp\/v2\/posts\/7218","targetHints":{"allow":["GET"]}}],"collection":[{"href":"https:\/\/colorservice.eu\/it\/wp-json\/wp\/v2\/posts"}],"about":[{"href":"https:\/\/colorservice.eu\/it\/wp-json\/wp\/v2\/types\/post"}],"author":[{"embeddable":true,"href":"https:\/\/colorservice.eu\/it\/wp-json\/wp\/v2\/users\/2"}],"replies":[{"embeddable":true,"href":"https:\/\/colorservice.eu\/it\/wp-json\/wp\/v2\/comments?post=7218"}],"version-history":[{"count":16,"href":"https:\/\/colorservice.eu\/it\/wp-json\/wp\/v2\/posts\/7218\/revisions"}],"predecessor-version":[{"id":7248,"href":"https:\/\/colorservice.eu\/it\/wp-json\/wp\/v2\/posts\/7218\/revisions\/7248"}],"wp:featuredmedia":[{"embeddable":true,"href":"https:\/\/colorservice.eu\/it\/wp-json\/wp\/v2\/media\/7238"}],"wp:attachment":[{"href":"https:\/\/colorservice.eu\/it\/wp-json\/wp\/v2\/media?parent=7218"}],"wp:term":[{"taxonomy":"category","embeddable":true,"href":"https:\/\/colorservice.eu\/it\/wp-json\/wp\/v2\/categories?post=7218"},{"taxonomy":"post_tag","embeddable":true,"href":"https:\/\/colorservice.eu\/it\/wp-json\/wp\/v2\/tags?post=7218"}],"curies":[{"name":"wp","href":"https:\/\/api.w.org\/{rel}","templated":true}]}}